{"id":3677,"date":"2017-06-30T16:52:36","date_gmt":"2017-06-30T16:52:36","guid":{"rendered":"http:\/\/www.helloholidays.ro\/blog\/?p=3677"},"modified":"2019-06-22T11:11:37","modified_gmt":"2019-06-22T08:11:37","slug":"unde-mergem-la-munte-europa","status":"publish","type":"post","link":"https:\/\/www.helloholidays.ro\/blog\/unde-mergem-la-munte-europa\/","title":{"rendered":"Unde mergem la munte \u00een Europa?"},"content":{"rendered":"<p>Uneori parc\u0103 dorim s\u0103 fugim de&nbsp;plajele aglomerate, de soare fierbinte \u0219i de nisip, oric\u00e2t ar fi el de fin. De\u0219i, ca toat\u0103 lumea, avem nevoie de vacan\u021be pentru a ne \u00eenc\u0103rca bateriile, prefer\u0103m s\u0103 fim aproape de natur\u0103, unde putem respira aerul curat care ne scap\u0103 de c\u0103ldura sufocant\u0103 a ora\u0219elor sau a sta\u021biuniilor pline de pe litoral. Altfel spus, avem nevoie de o vacan\u021b\u0103 la munte.<br \/>\nEuropa este plin\u0103 de astfel de sta\u021biuni montane renumite, bune pentru drume\u021bii, sporturi sau pur \u0219i simplu pentru priveli\u0219ti ame\u021bitoare. A\u0219a c\u0103 misiunea de a alege doar c\u00e2teva recomand\u0103ri pentru vacan\u021ba de munte n-a fost tocmai u\u0219oar\u0103.<\/p>\n<h3><strong>Innsbruck, Austria<\/strong><\/h3>\n<p><img loading=\"lazy\" class=\"aligncenter size-full wp-image-3678\" src=\"http:\/\/www.helloholidays.ro\/blog\/wp-content\/uploads\/2017\/06\/Innsbruck.jpg\" alt=\"Innsbruck\" width=\"800\" height=\"480\" srcset=\"https:\/\/www.helloholidays.ro\/blog\/wp-content\/uploads\/2017\/06\/Innsbruck.jpg 800w, https:\/\/www.helloholidays.ro\/blog\/wp-content\/uploads\/2017\/06\/Innsbruck-768x461.jpg 768w\" sizes=\"(max-width: 800px) 100vw, 800px\" \/><br \/>\nCapitala statului federal Tirol se afl\u0103 de mult timp&nbsp;\u00een topul iubitorilor de munte. Innsbruck este un ora\u0219 faimos pentru posibilitatea practic\u0103rii sporturilor \u2013 aici au fost organizate dou\u0103 Jocuri Olimpice de Iarn\u0103. \u00cen acela\u0219i timp, ora\u0219ul al c\u0103rui nume \u00eenseamn\u0103 \u201epodul peste Inn\u201d are o istorie bogat\u0103 \u0219i numeroase atrac\u021bii culturale.<br \/>\nPute\u021bi vizita vechi palate habsburgice precum Ambras sau Hofburg sau s\u0103 face\u021bi c\u00e2teva&nbsp;plimb\u0103ri prin centrul istoric. Pentru a v\u0103 bucura de lan\u021bul din nord al Mun\u021bilor Alpi (Nordkette), v\u0103 stau la dispozi\u021bie numeroase telecabine.<\/p>\n<h3><strong>Zermatt, Elve\u021bia<\/strong><\/h3>\n<p><img loading=\"lazy\" class=\"aligncenter size-full wp-image-3679\" src=\"http:\/\/www.helloholidays.ro\/blog\/wp-content\/uploads\/2017\/06\/Zermatt.jpg\" alt=\"Zermatt\" width=\"800\" height=\"480\" srcset=\"https:\/\/www.helloholidays.ro\/blog\/wp-content\/uploads\/2017\/06\/Zermatt.jpg 800w, https:\/\/www.helloholidays.ro\/blog\/wp-content\/uploads\/2017\/06\/Zermatt-768x461.jpg 768w\" sizes=\"(max-width: 800px) 100vw, 800px\" \/><br \/>\nDa, \u0219tim c\u0103 <a href=\"https:\/\/www.helloholidays.ro\/oferte\/Hoteluri\/Elvetia\/Elvetia---Austria---Circuit-2017_00_91457_LOCAL_sid0\">Elve\u021bia<\/a> nu e cea mai accesibil\u0103 \u021bar\u0103 din punct de vedere financiar, dar frumuse\u021bea mun\u021bilor s\u0103i este renumit\u0103 \u00een lumea \u00eentreag\u0103, iar despre calitatea serviciilor nu trebuie s\u0103 v\u0103 face\u021bi griji. Popularitatea or\u0103\u0219elului Zermatt se datoreaz\u0103 v\u00e2rfului Matterhorn. Aflat la grani\u021ba dintre Elve\u021bia \u0219i Italia, Matterhorn atinge 4.478 metri \u00een \u00een\u0103l\u021bime.<br \/>\n<a href=\"https:\/\/www.helloholidays.ro\/oferte\/Hoteluri\/Elvetia\/Senior-Voyage-Toamna-Elvetia-%E2%80%93-Italia---Franta_00_92293_LOCAL_sid0\">Zermatt<\/a> a devenit astfel o destina\u021bie favorit\u0103 a schiorilor \u0219i alpini\u0219tilor. Iubitorii de munte care nu \u00eemp\u0103rt\u0103\u0219esc aceea\u0219i pasiune pentru adrenalin\u0103 pot s\u0103 se bucure de peisaj, drume\u021bii \u0219i s\u0103 urce pe munte cu telecabina.<\/p>\n<h3><strong>Canazei, Italia<\/strong><\/h3>\n<p><img loading=\"lazy\" class=\"aligncenter size-full wp-image-3680\" src=\"http:\/\/www.helloholidays.ro\/blog\/wp-content\/uploads\/2017\/06\/Canazei.jpg\" alt=\"Canazei\" width=\"800\" height=\"480\" srcset=\"https:\/\/www.helloholidays.ro\/blog\/wp-content\/uploads\/2017\/06\/Canazei.jpg 800w, https:\/\/www.helloholidays.ro\/blog\/wp-content\/uploads\/2017\/06\/Canazei-768x461.jpg 768w\" sizes=\"(max-width: 800px) 100vw, 800px\" \/><br \/>\n\u00cen nordul <a href=\"https:\/\/www.helloholidays.ro\/search?search_input=italia&amp;path=1\">Italiei<\/a> se afl\u0103 provincia Trentino, renumit\u0103 pentru peisajele sale montane. Aici se afl\u0103 Dolomi\u021bii, celebrul lan\u021b muntos aflat \u00een patrimoniul mondial UNESCO. \u00cen Dolimi\u021bi le ave\u021bi pe toate: lacuri, ghe\u021bare, posibilit\u0103\u021bi de drume\u021bii \u0219i nenum\u0103rate piste de schi.<br \/>\nDe\u0219i este un sat cu doar 2.000 de locuitori, Canazei este cunoscut la nivel global de schiori. Aici v\u0103 pute\u021bi caza \u00een cabane de munte confortabile, \u00een timp ce gastronomia local\u0103 este absolut \u00eenc\u00e2nt\u0103toare.<\/p>\n<h3><strong>Bled, Slovenia<\/strong><\/h3>\n<p><img loading=\"lazy\" class=\"aligncenter size-full wp-image-3681\" src=\"http:\/\/www.helloholidays.ro\/blog\/wp-content\/uploads\/2017\/06\/Bled.jpg\" alt=\"Bled\" width=\"800\" height=\"480\" srcset=\"https:\/\/www.helloholidays.ro\/blog\/wp-content\/uploads\/2017\/06\/Bled.jpg 800w, https:\/\/www.helloholidays.ro\/blog\/wp-content\/uploads\/2017\/06\/Bled-768x461.jpg 768w\" sizes=\"(max-width: 800px) 100vw, 800px\" \/><br \/>\n\u00cen nord-vestul Sloveniei se afl\u0103 ora\u0219ul Bled, una dintre cele mai populare destina\u021bii turistice ale \u021b\u0103rii. Aici, Alpii Iulienii \u00eenconjoar\u0103 Lacul Bled, cre\u00e2nd un peisaj de o frumuse\u021be ireal\u0103. Astfel pute\u021bi petrece una dintre cele mai \u00eenc\u00e2nt\u0103toare vacan\u021be la&nbsp;munte, bucur\u00e2ndu-v\u0103 de drume\u021bii lungi \u00een jurul lacului.<br \/>\nPute\u021bi vizita vechiul Castel Bled, dar \u0219i gusta din pr\u0103jiturile locale. Se spune c\u0103 \u00een Bled se face cel mai bun crem\u0219nit din lume.<\/p>\n<h3><strong>Olden, Norvegia<\/strong><\/h3>\n<p><img loading=\"lazy\" class=\"aligncenter size-full wp-image-3682\" src=\"http:\/\/www.helloholidays.ro\/blog\/wp-content\/uploads\/2017\/06\/Olden.jpg\" alt=\"Olden\" width=\"800\" height=\"480\" srcset=\"https:\/\/www.helloholidays.ro\/blog\/wp-content\/uploads\/2017\/06\/Olden.jpg 800w, https:\/\/www.helloholidays.ro\/blog\/wp-content\/uploads\/2017\/06\/Olden-768x461.jpg 768w\" sizes=\"(max-width: 800px) 100vw, 800px\" \/><br \/>\nProbabil nu mul\u021bi dintre cititorii no\u0219tri se g\u00e2ndesc, \u201ehmm, ce-ar fi s\u0103 mergem la munte&#8230; \u00een Norvegia?\u201d. Totu\u0219i, dac\u0103 ave\u021bi ocazia s\u0103 vizita\u021bi aceast\u0103 superb\u0103 \u021bar\u0103 a fiordurilor, \u00eencerca\u021bi s\u0103 ajunge\u021bi \u0219i \u00een Olden.<br \/>\nOra\u0219ul este un centru turistic important datorit\u0103 loca\u021biei sale la malul lui Nordfjorden, al \u0219aselea cel mai mare fiord al Norvegiei. Numeroase vapora\u0219e v\u0103 pot duce \u00een croaziere spectaculoase. Dac\u0103 vre\u021bi s\u0103 porni\u021bi \u00eentr-o drume\u021bie, cea mai bun\u0103 op\u021biune este s\u0103 v\u0103 \u00eendrepta\u021bi spre&nbsp;ghe\u021barul Briksdalsbreen, aflat \u00een Parcul Na\u021bional Jostedalsbreen.<\/p>\n<h3><strong>Chamonix, Fran\u021ba<\/strong><\/h3>\n<p><img loading=\"lazy\" class=\"aligncenter size-full wp-image-3683\" src=\"http:\/\/www.helloholidays.ro\/blog\/wp-content\/uploads\/2017\/06\/Chamonix.jpg\" alt=\"Chamonix\" width=\"800\" height=\"480\" srcset=\"https:\/\/www.helloholidays.ro\/blog\/wp-content\/uploads\/2017\/06\/Chamonix.jpg 800w, https:\/\/www.helloholidays.ro\/blog\/wp-content\/uploads\/2017\/06\/Chamonix-768x461.jpg 768w\" sizes=\"(max-width: 800px) 100vw, 800px\" \/><br \/>\nNu puteam s\u0103 \u00eencheiem lista noastr\u0103 f\u0103r\u0103 a prezenta \u0219i o destina\u021bie din Fran\u021ba, cu al s\u0103u masiv Mont Blanc \u2013 cel mai \u00eenalt v\u00e2rf al Mun\u021bilor Alpi, la 4.808 metri. \u00cen 1924, \u00een comuna <a href=\"https:\/\/www.helloholidays.ro\/oferte\/Hoteluri\/Elvetia\/Senior-Voyage-Toamna-Elvetia-%E2%80%93-Italia---Franta_00_92293_LOCAL_sid0\">Chamonix<\/a> au fost organizate primele Jocuri Olimpice de Iarn\u0103 \u0219i nu-i de mirare c\u0103 ora\u0219ul a r\u0103mas o loca\u021bie extrem de popular\u0103 pentru schiori.<br \/>\nFiind o sta\u021biune at\u00e2t de veche, op\u021biunile de cazare variaz\u0103 de la hoteluri de lux la cabane rustice. Satul con\u021bine c\u00e2teva obiective turistice interesante, dar este un punct de pornire c\u0103tre at\u00e2t de multe destina\u021bii, \u00eenc\u00e2t \u0219i cei mai mari iubitori de munte se vor sim\u021bi cople\u0219i\u021bi. Amintim doar posibilitatea de a vizita ghe\u021bari precum Mer de Glace sau Glacier des Bossons, dar \u0219i urcatul cu telecabina \u00een v\u00e2rful muntelui Aiguille du Midi pentru una dintre cele mai \u00eenfrico\u0219\u0103toare \u0219i frumoaste priveli\u0219ti montane din toat\u0103 Europa.<\/p>\n","protected":false},"excerpt":{"rendered":"<p>Uneori parc\u0103 dorim s\u0103 fugim de&nbsp;plajele aglomerate, de soare fierbinte \u0219i de nisip, oric\u00e2t ar fi el de fin. De\u0219i, ca toat\u0103 lumea, avem nevoie de vacan\u021be pentru a ne \u00eenc\u0103rca bateriile, prefer\u0103m s\u0103 fim aproape de natur\u0103, unde putem [&hellip;]<\/p>\n","protected":false},"author":4,"featured_media":3684,"comment_status":"closed","ping_status":"closed","sticky":false,"template":"","format":"standard","meta":[],"categories":[2,1019,1020],"tags":[75,267,311,431,563,606,838,949],"yoast_head":"<!-- This site is optimized with the Yoast SEO plugin v16.7 - https:\/\/yoast.com\/wordpress\/plugins\/seo\/ -->\n<title>Unde mergem la munte \u00een Europa? - Hello Holidays Blog<\/title>\n<meta name=\"description\" content=\"Dac\u0103 avem nevoie de o vacan\u021b\u0103 la munte, Europa este plin\u0103 de de sta\u021biuni renumite, bune pentru drume\u021bii, sporturi sau doar priveli\u0219ti ame\u021bitoare.\" \/>\n<meta name=\"robots\" content=\"index, follow, max-snippet:-1, max-image-preview:large, max-video-preview:-1\" \/>\n<link rel=\"canonical\" href=\"https:\/\/www.helloholidays.ro\/blog\/unde-mergem-la-munte-europa\/\" \/>\n<meta property=\"og:locale\" content=\"ro_RO\" \/>\n<meta property=\"og:type\" content=\"article\" \/>\n<meta property=\"og:title\" content=\"Unde mergem la munte \u00een Europa? - Hello Holidays Blog\" \/>\n<meta property=\"og:description\" content=\"Dac\u0103 avem nevoie de o vacan\u021b\u0103 la munte, Europa este plin\u0103 de de sta\u021biuni renumite, bune pentru drume\u021bii, sporturi sau doar priveli\u0219ti ame\u021bitoare.\" \/>\n<meta property=\"og:url\" content=\"https:\/\/www.helloholidays.ro\/blog\/unde-mergem-la-munte-europa\/\" \/>\n<meta property=\"og:site_name\" content=\"Hello Holidays Blog\" \/>\n<meta property=\"article:published_time\" content=\"2017-06-30T16:52:36+00:00\" \/>\n<meta property=\"article:modified_time\" content=\"2019-06-22T08:11:37+00:00\" \/>\n<meta property=\"og:image\" content=\"https:\/\/www.helloholidays.ro\/blog\/wp-content\/uploads\/2017\/06\/Mont-Blanc.jpg\" \/>\n\t<meta property=\"og:image:width\" content=\"1000\" \/>\n\t<meta property=\"og:image:height\" content=\"600\" \/>\n<meta name=\"twitter:card\" content=\"summary_large_image\" \/>\n<meta name=\"twitter:label1\" content=\"Written by\" \/>\n\t<meta name=\"twitter:data1\" content=\"Hello Holidays\" \/>\n\t<meta name=\"twitter:label2\" content=\"Est. reading time\" \/>\n\t<meta name=\"twitter:data2\" content=\"4 minute\" \/>\n<script type=\"application\/ld+json\" class=\"yoast-schema-graph\">{\"@context\":\"https:\/\/schema.org\",\"@graph\":[{\"@type\":\"WebSite\",\"@id\":\"https:\/\/www.helloholidays.ro\/blog\/#website\",\"url\":\"https:\/\/www.helloholidays.ro\/blog\/\",\"name\":\"Hello Holidays Blog\",\"description\":\"Blog de calatorii\",\"potentialAction\":[{\"@type\":\"SearchAction\",\"target\":{\"@type\":\"EntryPoint\",\"urlTemplate\":\"https:\/\/www.helloholidays.ro\/blog\/?s={search_term_string}\"},\"query-input\":\"required name=search_term_string\"}],\"inLanguage\":\"ro-RO\"},{\"@type\":\"ImageObject\",\"@id\":\"https:\/\/www.helloholidays.ro\/blog\/unde-mergem-la-munte-europa\/#primaryimage\",\"inLanguage\":\"ro-RO\",\"url\":\"https:\/\/www.helloholidays.ro\/blog\/wp-content\/uploads\/2017\/06\/Mont-Blanc.jpg\",\"contentUrl\":\"https:\/\/www.helloholidays.ro\/blog\/wp-content\/uploads\/2017\/06\/Mont-Blanc.jpg\",\"width\":1000,\"height\":600,\"caption\":\"\"},{\"@type\":\"WebPage\",\"@id\":\"https:\/\/www.helloholidays.ro\/blog\/unde-mergem-la-munte-europa\/#webpage\",\"url\":\"https:\/\/www.helloholidays.ro\/blog\/unde-mergem-la-munte-europa\/\",\"name\":\"Unde mergem la munte \\u00een Europa? - Hello Holidays Blog\",\"isPartOf\":{\"@id\":\"https:\/\/www.helloholidays.ro\/blog\/#website\"},\"primaryImageOfPage\":{\"@id\":\"https:\/\/www.helloholidays.ro\/blog\/unde-mergem-la-munte-europa\/#primaryimage\"},\"datePublished\":\"2017-06-30T16:52:36+00:00\",\"dateModified\":\"2019-06-22T08:11:37+00:00\",\"author\":{\"@id\":\"https:\/\/www.helloholidays.ro\/blog\/#\/schema\/person\/5bfec4c79ed834c1062b3bde4a23875c\"},\"description\":\"Dac\\u0103 avem nevoie de o vacan\\u021b\\u0103 la munte, Europa este plin\\u0103 de de sta\\u021biuni renumite, bune pentru drume\\u021bii, sporturi sau doar priveli\\u0219ti ame\\u021bitoare.\",\"breadcrumb\":{\"@id\":\"https:\/\/www.helloholidays.ro\/blog\/unde-mergem-la-munte-europa\/#breadcrumb\"},\"inLanguage\":\"ro-RO\",\"potentialAction\":[{\"@type\":\"ReadAction\",\"target\":[\"https:\/\/www.helloholidays.ro\/blog\/unde-mergem-la-munte-europa\/\"]}]},{\"@type\":\"BreadcrumbList\",\"@id\":\"https:\/\/www.helloholidays.ro\/blog\/unde-mergem-la-munte-europa\/#breadcrumb\",\"itemListElement\":[{\"@type\":\"ListItem\",\"position\":1,\"name\":\"Prima pagin\\u0103\",\"item\":\"https:\/\/www.helloholidays.ro\/blog\/\"},{\"@type\":\"ListItem\",\"position\":2,\"name\":\"Unde mergem la munte \\u00een Europa?\"}]},{\"@type\":\"Person\",\"@id\":\"https:\/\/www.helloholidays.ro\/blog\/#\/schema\/person\/5bfec4c79ed834c1062b3bde4a23875c\",\"name\":\"Hello Holidays\",\"image\":{\"@type\":\"ImageObject\",\"@id\":\"https:\/\/www.helloholidays.ro\/blog\/#personlogo\",\"inLanguage\":\"ro-RO\",\"url\":\"https:\/\/www.helloholidays.ro\/blog\/wp-content\/uploads\/2019\/05\/avatar-150x150.png\",\"contentUrl\":\"https:\/\/www.helloholidays.ro\/blog\/wp-content\/uploads\/2019\/05\/avatar-150x150.png\",\"caption\":\"Hello Holidays\"},\"url\":\"https:\/\/www.helloholidays.ro\/blog\/author\/hello-holidays\/\"}]}<\/script>\n<!-- \/ Yoast SEO plugin. -->","yoast_head_json":{"title":"Unde mergem la munte \u00een Europa? - Hello Holidays Blog","description":"Dac\u0103 avem nevoie de o vacan\u021b\u0103 la munte, Europa este plin\u0103 de de sta\u021biuni renumite, bune pentru drume\u021bii, sporturi sau doar priveli\u0219ti ame\u021bitoare.","robots":{"index":"index","follow":"follow","max-snippet":"max-snippet:-1","max-image-preview":"max-image-preview:large","max-video-preview":"max-video-preview:-1"},"canonical":"https:\/\/www.helloholidays.ro\/blog\/unde-mergem-la-munte-europa\/","og_locale":"ro_RO","og_type":"article","og_title":"Unde mergem la munte \u00een Europa? - Hello Holidays Blog","og_description":"Dac\u0103 avem nevoie de o vacan\u021b\u0103 la munte, Europa este plin\u0103 de de sta\u021biuni renumite, bune pentru drume\u021bii, sporturi sau doar priveli\u0219ti ame\u021bitoare.","og_url":"https:\/\/www.helloholidays.ro\/blog\/unde-mergem-la-munte-europa\/","og_site_name":"Hello Holidays Blog","article_published_time":"2017-06-30T16:52:36+00:00","article_modified_time":"2019-06-22T08:11:37+00:00","og_image":[{"width":1000,"height":600,"url":"https:\/\/www.helloholidays.ro\/blog\/wp-content\/uploads\/2017\/06\/Mont-Blanc.jpg","path":"\/home\/hello\/public_html\/public\/blog\/wp-content\/uploads\/2017\/06\/Mont-Blanc.jpg","size":"full","id":3684,"alt":"","pixels":600000,"type":"image\/jpeg"}],"twitter_card":"summary_large_image","twitter_misc":{"Written by":"Hello Holidays","Est. reading time":"4 minute"},"schema":{"@context":"https:\/\/schema.org","@graph":[{"@type":"WebSite","@id":"https:\/\/www.helloholidays.ro\/blog\/#website","url":"https:\/\/www.helloholidays.ro\/blog\/","name":"Hello Holidays Blog","description":"Blog de calatorii","potentialAction":[{"@type":"SearchAction","target":{"@type":"EntryPoint","urlTemplate":"https:\/\/www.helloholidays.ro\/blog\/?s={search_term_string}"},"query-input":"required name=search_term_string"}],"inLanguage":"ro-RO"},{"@type":"ImageObject","@id":"https:\/\/www.helloholidays.ro\/blog\/unde-mergem-la-munte-europa\/#primaryimage","inLanguage":"ro-RO","url":"https:\/\/www.helloholidays.ro\/blog\/wp-content\/uploads\/2017\/06\/Mont-Blanc.jpg","contentUrl":"https:\/\/www.helloholidays.ro\/blog\/wp-content\/uploads\/2017\/06\/Mont-Blanc.jpg","width":1000,"height":600,"caption":""},{"@type":"WebPage","@id":"https:\/\/www.helloholidays.ro\/blog\/unde-mergem-la-munte-europa\/#webpage","url":"https:\/\/www.helloholidays.ro\/blog\/unde-mergem-la-munte-europa\/","name":"Unde mergem la munte \u00een Europa? - Hello Holidays Blog","isPartOf":{"@id":"https:\/\/www.helloholidays.ro\/blog\/#website"},"primaryImageOfPage":{"@id":"https:\/\/www.helloholidays.ro\/blog\/unde-mergem-la-munte-europa\/#primaryimage"},"datePublished":"2017-06-30T16:52:36+00:00","dateModified":"2019-06-22T08:11:37+00:00","author":{"@id":"https:\/\/www.helloholidays.ro\/blog\/#\/schema\/person\/5bfec4c79ed834c1062b3bde4a23875c"},"description":"Dac\u0103 avem nevoie de o vacan\u021b\u0103 la munte, Europa este plin\u0103 de de sta\u021biuni renumite, bune pentru drume\u021bii, sporturi sau doar priveli\u0219ti ame\u021bitoare.","breadcrumb":{"@id":"https:\/\/www.helloholidays.ro\/blog\/unde-mergem-la-munte-europa\/#breadcrumb"},"inLanguage":"ro-RO","potentialAction":[{"@type":"ReadAction","target":["https:\/\/www.helloholidays.ro\/blog\/unde-mergem-la-munte-europa\/"]}]},{"@type":"BreadcrumbList","@id":"https:\/\/www.helloholidays.ro\/blog\/unde-mergem-la-munte-europa\/#breadcrumb","itemListElement":[{"@type":"ListItem","position":1,"name":"Prima pagin\u0103","item":"https:\/\/www.helloholidays.ro\/blog\/"},{"@type":"ListItem","position":2,"name":"Unde mergem la munte \u00een Europa?"}]},{"@type":"Person","@id":"https:\/\/www.helloholidays.ro\/blog\/#\/schema\/person\/5bfec4c79ed834c1062b3bde4a23875c","name":"Hello Holidays","image":{"@type":"ImageObject","@id":"https:\/\/www.helloholidays.ro\/blog\/#personlogo","inLanguage":"ro-RO","url":"https:\/\/www.helloholidays.ro\/blog\/wp-content\/uploads\/2019\/05\/avatar-150x150.png","contentUrl":"https:\/\/www.helloholidays.ro\/blog\/wp-content\/uploads\/2019\/05\/avatar-150x150.png","caption":"Hello Holidays"},"url":"https:\/\/www.helloholidays.ro\/blog\/author\/hello-holidays\/"}]}},"_links":{"self":[{"href":"https:\/\/www.helloholidays.ro\/blog\/wp-json\/wp\/v2\/posts\/3677"}],"collection":[{"href":"https:\/\/www.helloholidays.ro\/blog\/wp-json\/wp\/v2\/posts"}],"about":[{"href":"https:\/\/www.helloholidays.ro\/blog\/wp-json\/wp\/v2\/types\/post"}],"author":[{"embeddable":true,"href":"https:\/\/www.helloholidays.ro\/blog\/wp-json\/wp\/v2\/users\/4"}],"replies":[{"embeddable":true,"href":"https:\/\/www.helloholidays.ro\/blog\/wp-json\/wp\/v2\/comments?post=3677"}],"version-history":[{"count":1,"href":"https:\/\/www.helloholidays.ro\/blog\/wp-json\/wp\/v2\/posts\/3677\/revisions"}],"predecessor-version":[{"id":4808,"href":"https:\/\/www.helloholidays.ro\/blog\/wp-json\/wp\/v2\/posts\/3677\/revisions\/4808"}],"wp:featuredmedia":[{"embeddable":true,"href":"https:\/\/www.helloholidays.ro\/blog\/wp-json\/wp\/v2\/media\/3684"}],"wp:attachment":[{"href":"https:\/\/www.helloholidays.ro\/blog\/wp-json\/wp\/v2\/media?parent=3677"}],"wp:term":[{"taxonomy":"category","embeddable":true,"href":"https:\/\/www.helloholidays.ro\/blog\/wp-json\/wp\/v2\/categories?post=3677"},{"taxonomy":"post_tag","embeddable":true,"href":"https:\/\/www.helloholidays.ro\/blog\/wp-json\/wp\/v2\/tags?post=3677"}],"curies":[{"name":"wp","href":"https:\/\/api.w.org\/{rel}","templated":true}]}}